{"id":14958,"date":"2025-06-18T15:36:45","date_gmt":"2025-06-18T13:36:45","guid":{"rendered":"https:\/\/www.boixados.com\/?p=14958"},"modified":"2025-09-09T09:31:34","modified_gmt":"2025-09-09T07:31:34","slug":"envasos-metal%c2%b7lics-sostenibles-clau-per-a-leconomia-circular","status":"publish","type":"post","link":"https:\/\/www.boixados.com\/ca\/envasos-metal%c2%b7lics-sostenibles-clau-per-a-leconomia-circular\/","title":{"rendered":"Envasos met\u00e0l\u00b7lics sostenibles: clau per a l\u2019economia circular"},"content":{"rendered":"\t\t<div data-elementor-type=\"wp-post\" data-elementor-id=\"14958\" class=\"elementor elementor-14958\" data-elementor-post-type=\"post\">\n\t\t\t\t\t\t<section class=\"elementor-section elementor-top-section elementor-element elementor-element-0f79dc4 elementor-section-boxed elementor-section-height-default elementor-section-height-default\" data-id=\"0f79dc4\" data-element_type=\"section\" data-e-type=\"section\" data-settings=\"{&quot;jet_parallax_layout_list&quot;:[]}\">\n\t\t\t\t\t\t<div class=\"elementor-container elementor-column-gap-default\">\n\t\t\t\t\t<div class=\"elementor-column elementor-col-100 elementor-top-column elementor-element elementor-element-e18bc02\" data-id=\"e18bc02\" data-element_type=\"column\" data-e-type=\"column\">\n\t\t\t<div class=\"elementor-widget-wrap elementor-element-populated\">\n\t\t\t\t\t\t<div class=\"elementor-element elementor-element-23772ec elementor-widget elementor-widget-text-editor\" data-id=\"23772ec\" data-element_type=\"widget\" data-e-type=\"widget\" data-widget_type=\"text-editor.default\">\n\t\t\t\t\t\t\t\t\t<p><span data-contrast=\"auto\">El comprom\u00eds ambiental \u00e9s avui una exig\u00e8ncia social, legal i econ\u00f2mica. Les empreses que incorporen <\/span><b><span data-contrast=\"auto\">materials sostenibles<\/span><\/b><span data-contrast=\"auto\"> en els seus processos productius no nom\u00e9s contribueixen a preservar el medi ambient, sin\u00f3 que tamb\u00e9 reforcen la seva competitivitat i reputaci\u00f3. En aquest context, el metall emergeix com una soluci\u00f3 d\u2019alt valor estrat\u00e8gic.<\/span><span data-ccp-props=\"{&quot;134233117&quot;:false,&quot;134233118&quot;:false,&quot;335551550&quot;:0,&quot;335551620&quot;:0,&quot;335559738&quot;:240,&quot;335559739&quot;:240}\">\u00a0<\/span><\/p><p><span data-contrast=\"auto\">Els <\/span><b><span data-contrast=\"auto\">envasos met\u00e0l\u00b7lics sostenibles<\/span><\/b><span data-contrast=\"auto\"> s\u00f3n 100% reciclables i reciclats majorit\u00e0riament a Europa. A difer\u00e8ncia d\u2019altres materials, el metall mant\u00e9 intactes les seves propietats durant el reciclatge, cosa que en permet la reutilitzaci\u00f3 indefinida. Segons dades del sector, m\u00e9s del 75% del metall produ\u00eft a escala mundial encara es troba en \u00fas actiu.<\/span><span data-ccp-props=\"{&quot;134233117&quot;:false,&quot;134233118&quot;:false,&quot;335551550&quot;:0,&quot;335551620&quot;:0,&quot;335559738&quot;:240,&quot;335559739&quot;:240}\">\u00a0<\/span><\/p>\t\t\t\t\t\t\t\t<\/div>\n\t\t\t\t<section class=\"elementor-section elementor-inner-section elementor-element elementor-element-b8687cf elementor-section-boxed elementor-section-height-default elementor-section-height-default\" data-id=\"b8687cf\" data-element_type=\"section\" data-e-type=\"section\" data-settings=\"{&quot;jet_parallax_layout_list&quot;:[]}\">\n\t\t\t\t\t\t<div class=\"elementor-container elementor-column-gap-default\">\n\t\t\t\t\t<div class=\"elementor-column elementor-col-50 elementor-inner-column elementor-element elementor-element-8448fde\" data-id=\"8448fde\" data-element_type=\"column\" data-e-type=\"column\">\n\t\t\t<div class=\"elementor-widget-wrap elementor-element-populated\">\n\t\t\t\t\t\t<div class=\"elementor-element elementor-element-1b1b564 elementor-widget elementor-widget-image\" data-id=\"1b1b564\" data-element_type=\"widget\" data-e-type=\"widget\" data-widget_type=\"image.default\">\n\t\t\t\t\t\t\t\t\t\t\t\t\t\t\t<img fetchpriority=\"high\" decoding=\"async\" width=\"1024\" height=\"1024\" src=\"https:\/\/www.boixados.com\/wp-content\/uploads\/2025\/06\/3-1024x1024.jpg\" class=\"attachment-large size-large wp-image-14968\" alt=\"\" srcset=\"https:\/\/www.boixados.com\/wp-content\/uploads\/2025\/06\/3-1024x1024.jpg 1024w, https:\/\/www.boixados.com\/wp-content\/uploads\/2025\/06\/3-300x300.jpg 300w, https:\/\/www.boixados.com\/wp-content\/uploads\/2025\/06\/3-150x150.jpg 150w, https:\/\/www.boixados.com\/wp-content\/uploads\/2025\/06\/3-768x768.jpg 768w, https:\/\/www.boixados.com\/wp-content\/uploads\/2025\/06\/3-700x700.jpg 700w, https:\/\/www.boixados.com\/wp-content\/uploads\/2025\/06\/3-500x500.jpg 500w, https:\/\/www.boixados.com\/wp-content\/uploads\/2025\/06\/3-650x650.jpg 650w, https:\/\/www.boixados.com\/wp-content\/uploads\/2025\/06\/3-799x799.jpg 799w, https:\/\/www.boixados.com\/wp-content\/uploads\/2025\/06\/3-800x800.jpg 800w, https:\/\/www.boixados.com\/wp-content\/uploads\/2025\/06\/3-100x100.jpg 100w, https:\/\/www.boixados.com\/wp-content\/uploads\/2025\/06\/3-50x50.jpg 50w, https:\/\/www.boixados.com\/wp-content\/uploads\/2025\/06\/3.jpg 1080w\" sizes=\"(max-width: 1024px) 100vw, 1024px\" \/>\t\t\t\t\t\t\t\t\t\t\t\t\t\t\t<\/div>\n\t\t\t\t\t<\/div>\n\t\t<\/div>\n\t\t\t\t<div class=\"elementor-column elementor-col-50 elementor-inner-column elementor-element elementor-element-db0749b\" data-id=\"db0749b\" data-element_type=\"column\" data-e-type=\"column\">\n\t\t\t<div class=\"elementor-widget-wrap elementor-element-populated\">\n\t\t\t\t\t\t<div class=\"elementor-element elementor-element-1d818d0 elementor-widget elementor-widget-image\" data-id=\"1d818d0\" data-element_type=\"widget\" data-e-type=\"widget\" data-widget_type=\"image.default\">\n\t\t\t\t\t\t\t\t\t\t\t\t\t\t\t<img decoding=\"async\" width=\"1024\" height=\"1024\" src=\"https:\/\/www.boixados.com\/wp-content\/uploads\/2025\/06\/3-2-1024x1024.jpg\" class=\"attachment-large size-large wp-image-14962\" alt=\"\" srcset=\"https:\/\/www.boixados.com\/wp-content\/uploads\/2025\/06\/3-2-1024x1024.jpg 1024w, https:\/\/www.boixados.com\/wp-content\/uploads\/2025\/06\/3-2-300x300.jpg 300w, https:\/\/www.boixados.com\/wp-content\/uploads\/2025\/06\/3-2-150x150.jpg 150w, https:\/\/www.boixados.com\/wp-content\/uploads\/2025\/06\/3-2-768x768.jpg 768w, https:\/\/www.boixados.com\/wp-content\/uploads\/2025\/06\/3-2-700x700.jpg 700w, https:\/\/www.boixados.com\/wp-content\/uploads\/2025\/06\/3-2-500x500.jpg 500w, https:\/\/www.boixados.com\/wp-content\/uploads\/2025\/06\/3-2-650x650.jpg 650w, https:\/\/www.boixados.com\/wp-content\/uploads\/2025\/06\/3-2-799x799.jpg 799w, https:\/\/www.boixados.com\/wp-content\/uploads\/2025\/06\/3-2-800x800.jpg 800w, https:\/\/www.boixados.com\/wp-content\/uploads\/2025\/06\/3-2-100x100.jpg 100w, https:\/\/www.boixados.com\/wp-content\/uploads\/2025\/06\/3-2-50x50.jpg 50w, https:\/\/www.boixados.com\/wp-content\/uploads\/2025\/06\/3-2.jpg 1080w\" sizes=\"(max-width: 1024px) 100vw, 1024px\" \/>\t\t\t\t\t\t\t\t\t\t\t\t\t\t\t<\/div>\n\t\t\t\t\t<\/div>\n\t\t<\/div>\n\t\t\t\t\t<\/div>\n\t\t<\/section>\n\t\t\t\t<section class=\"elementor-section elementor-inner-section elementor-element elementor-element-585503d elementor-section-boxed elementor-section-height-default elementor-section-height-default\" data-id=\"585503d\" data-element_type=\"section\" data-e-type=\"section\" data-settings=\"{&quot;jet_parallax_layout_list&quot;:[]}\">\n\t\t\t\t\t\t<div class=\"elementor-container elementor-column-gap-default\">\n\t\t\t\t\t<div class=\"elementor-column elementor-col-100 elementor-inner-column elementor-element elementor-element-0e2bae3\" data-id=\"0e2bae3\" data-element_type=\"column\" data-e-type=\"column\">\n\t\t\t<div class=\"elementor-widget-wrap elementor-element-populated\">\n\t\t\t\t\t\t<div class=\"elementor-element elementor-element-a7e9a97 elementor-widget elementor-widget-text-editor\" data-id=\"a7e9a97\" data-element_type=\"widget\" data-e-type=\"widget\" data-widget_type=\"text-editor.default\">\n\t\t\t\t\t\t\t\t\t<p><span data-contrast=\"auto\">A Boixad\u00f3s apostem decididament per un <\/span><b><span data-contrast=\"auto\">model productiu d\u2019economia circular<\/span><\/b><span data-contrast=\"auto\">, on l\u2019efici\u00e8ncia energ\u00e8tica, la reducci\u00f3 de residus i l\u2019optimitzaci\u00f3 de recursos s\u00f3n pilars fonamentals. Treballem amb acer de fonts controlades, col\u00b7laborem amb prove\u00efdors compromesos amb el medi ambient i implementem millores tecnol\u00f2giques constants als nostres processos.<\/span><span data-ccp-props=\"{&quot;134233117&quot;:false,&quot;134233118&quot;:false,&quot;335551550&quot;:0,&quot;335551620&quot;:0,&quot;335559738&quot;:240,&quot;335559739&quot;:240}\">\u00a0<\/span><\/p><p><span data-contrast=\"auto\">Tamb\u00e9 assessorem els nostres clients sobre com integrar <\/span><b><span data-contrast=\"auto\">estrat\u00e8gies de packaging sostenible<\/span><\/b><span data-contrast=\"auto\"> a la seva activitat, tenint en compte no nom\u00e9s la composici\u00f3 del material, sin\u00f3 tamb\u00e9 factors com l\u2019impacte log\u00edstic, la reducci\u00f3 de pes i volum, i el comportament ambiental durant tot el cicle de vida de l\u2019env\u00e0s.<\/span><span data-ccp-props=\"{&quot;134233117&quot;:false,&quot;134233118&quot;:false,&quot;335551550&quot;:0,&quot;335551620&quot;:0,&quot;335559738&quot;:240,&quot;335559739&quot;:240}\">\u00a0<\/span><\/p><p><span data-contrast=\"auto\">Escollir <\/span><b><span data-contrast=\"auto\">envasos met\u00e0l\u00b7lics reciclables<\/span><\/b><span data-contrast=\"auto\"> \u00e9s apostar per una sostenibilitat real i mesurable. A Boixad\u00f3s treballem per oferir solucions que contribueixin a un futur m\u00e9s eficient, responsable i alineat amb els principis de l\u2019economia circular.<\/span><span data-ccp-props=\"{&quot;134233117&quot;:false,&quot;134233118&quot;:false,&quot;335551550&quot;:0,&quot;335551620&quot;:0,&quot;335559738&quot;:240,&quot;335559739&quot;:240}\">\u00a0<\/span><\/p>\t\t\t\t\t\t\t\t<\/div>\n\t\t\t\t\t<\/div>\n\t\t<\/div>\n\t\t\t\t\t<\/div>\n\t\t<\/section>\n\t\t\t\t<section class=\"elementor-section elementor-inner-section elementor-element elementor-element-629eb87 elementor-section-boxed elementor-section-height-default elementor-section-height-default\" data-id=\"629eb87\" data-element_type=\"section\" data-e-type=\"section\" data-settings=\"{&quot;jet_parallax_layout_list&quot;:[]}\">\n\t\t\t\t\t\t<div class=\"elementor-container elementor-column-gap-default\">\n\t\t\t\t\t<div class=\"elementor-column elementor-col-100 elementor-inner-column elementor-element elementor-element-200c53c\" data-id=\"200c53c\" data-element_type=\"column\" data-e-type=\"column\">\n\t\t\t<div class=\"elementor-widget-wrap elementor-element-populated\">\n\t\t\t\t\t\t<div class=\"elementor-element elementor-element-e749db4 elementor-widget elementor-widget-image\" data-id=\"e749db4\" data-element_type=\"widget\" data-e-type=\"widget\" data-widget_type=\"image.default\">\n\t\t\t\t\t\t\t\t\t\t\t\t\t\t\t<img decoding=\"async\" width=\"1024\" height=\"512\" src=\"https:\/\/www.boixados.com\/wp-content\/uploads\/2025\/06\/3-1-1024x512.jpg\" class=\"attachment-large size-large wp-image-14965\" alt=\"\" srcset=\"https:\/\/www.boixados.com\/wp-content\/uploads\/2025\/06\/3-1-1024x512.jpg 1024w, https:\/\/www.boixados.com\/wp-content\/uploads\/2025\/06\/3-1-300x150.jpg 300w, https:\/\/www.boixados.com\/wp-content\/uploads\/2025\/06\/3-1-768x384.jpg 768w, https:\/\/www.boixados.com\/wp-content\/uploads\/2025\/06\/3-1-1536x768.jpg 1536w, https:\/\/www.boixados.com\/wp-content\/uploads\/2025\/06\/3-1-scaled.jpg 2048w, https:\/\/www.boixados.com\/wp-content\/uploads\/2025\/06\/3-1-1300x650.jpg 1300w, https:\/\/www.boixados.com\/wp-content\/uploads\/2025\/06\/3-1-800x400.jpg 800w\" sizes=\"(max-width: 1024px) 100vw, 1024px\" \/>\t\t\t\t\t\t\t\t\t\t\t\t\t\t\t<\/div>\n\t\t\t\t\t<\/div>\n\t\t<\/div>\n\t\t\t\t\t<\/div>\n\t\t<\/section>\n\t\t\t\t\t<\/div>\n\t\t<\/div>\n\t\t\t\t\t<\/div>\n\t\t<\/section>\n\t\t\t\t<\/div>\n\t\t","protected":false},"excerpt":{"rendered":"<p>El comprom\u00eds ambiental \u00e9s avui una exig\u00e8ncia social, legal i econ\u00f2mica. Les empreses que incorporen materials sostenibles en els seus processos productius no nom\u00e9s contribueixen a preservar el medi ambient, sin\u00f3 que tamb\u00e9 reforcen la seva competitivitat i reputaci\u00f3. En aquest context, el metall emergeix com una soluci\u00f3 d\u2019alt valor estrat\u00e8gic.\u00a0 Els envasos met\u00e0l\u00b7lics sostenibles [&hellip;]<\/p>\n","protected":false},"author":979,"featured_media":14959,"comment_status":"closed","ping_status":"closed","sticky":false,"template":"","format":"standard","meta":{"_acf_changed":false,"footnotes":""},"categories":[],"tags":[],"class_list":["post-14958","post","type-post","status-publish","format-standard","has-post-thumbnail","hentry"],"acf":[],"yoast_head":"<!-- This site is optimized with the Yoast SEO plugin v27.4 - https:\/\/yoast.com\/product\/yoast-seo-wordpress\/ -->\n<title>Envasos met\u00e0l\u00b7lics sostenibles: clau per a l\u2019economia circular - Boixad\u00f3s<\/title>\n<meta name=\"robots\" content=\"noindex, follow\" \/>\n<meta property=\"og:locale\" content=\"ca_ES\" \/>\n<meta property=\"og:type\" content=\"article\" \/>\n<meta property=\"og:title\" content=\"Envasos met\u00e0l\u00b7lics sostenibles: clau per a l\u2019economia circular - Boixad\u00f3s\" \/>\n<meta property=\"og:description\" content=\"El comprom\u00eds ambiental \u00e9s avui una exig\u00e8ncia social, legal i econ\u00f2mica. Les empreses que incorporen materials sostenibles en els seus processos productius no nom\u00e9s contribueixen a preservar el medi ambient, sin\u00f3 que tamb\u00e9 reforcen la seva competitivitat i reputaci\u00f3. En aquest context, el metall emergeix com una soluci\u00f3 d\u2019alt valor estrat\u00e8gic.\u00a0 Els envasos met\u00e0l\u00b7lics sostenibles [&hellip;]\" \/>\n<meta property=\"og:url\" content=\"https:\/\/www.boixados.com\/ca\/envasos-metal\u00b7lics-sostenibles-clau-per-a-leconomia-circular\/\" \/>\n<meta property=\"og:site_name\" content=\"Boixad\u00f3s\" \/>\n<meta property=\"article:publisher\" content=\"https:\/\/www.facebook.com\/SmartBoixados\/\" \/>\n<meta property=\"article:published_time\" content=\"2025-06-18T13:36:45+00:00\" \/>\n<meta property=\"article:modified_time\" content=\"2025-09-09T07:31:34+00:00\" \/>\n<meta property=\"og:image\" content=\"https:\/\/www.boixados.com\/wp-content\/uploads\/2025\/06\/3-DESTACADA.jpg\" \/>\n\t<meta property=\"og:image:width\" content=\"1920\" \/>\n\t<meta property=\"og:image:height\" content=\"1080\" \/>\n\t<meta property=\"og:image:type\" content=\"image\/jpeg\" \/>\n<meta name=\"author\" content=\"Noemi Zome\u00f1o\" \/>\n<meta name=\"twitter:card\" content=\"summary_large_image\" \/>\n<meta name=\"twitter:label1\" content=\"Written by\" \/>\n\t<meta name=\"twitter:data1\" content=\"Noemi Zome\u00f1o\" \/>\n\t<meta name=\"twitter:label2\" content=\"Est. reading time\" \/>\n\t<meta name=\"twitter:data2\" content=\"2 minutes\" \/>\n<script type=\"application\/ld+json\" class=\"yoast-schema-graph\">{\"@context\":\"https:\\\/\\\/schema.org\",\"@graph\":[{\"@type\":\"Article\",\"@id\":\"https:\\\/\\\/www.boixados.com\\\/ca\\\/envasos-metal%c2%b7lics-sostenibles-clau-per-a-leconomia-circular\\\/#article\",\"isPartOf\":{\"@id\":\"https:\\\/\\\/www.boixados.com\\\/ca\\\/envasos-metal%c2%b7lics-sostenibles-clau-per-a-leconomia-circular\\\/\"},\"author\":{\"name\":\"Noemi Zome\u00f1o\",\"@id\":\"https:\\\/\\\/www.boixados.com\\\/#\\\/schema\\\/person\\\/f2984ec559cce18b98c8ffc6b3874972\"},\"headline\":\"Envasos met\u00e0l\u00b7lics sostenibles: clau per a l\u2019economia circular\",\"datePublished\":\"2025-06-18T13:36:45+00:00\",\"dateModified\":\"2025-09-09T07:31:34+00:00\",\"mainEntityOfPage\":{\"@id\":\"https:\\\/\\\/www.boixados.com\\\/ca\\\/envasos-metal%c2%b7lics-sostenibles-clau-per-a-leconomia-circular\\\/\"},\"wordCount\":276,\"publisher\":{\"@id\":\"https:\\\/\\\/www.boixados.com\\\/#organization\"},\"image\":{\"@id\":\"https:\\\/\\\/www.boixados.com\\\/ca\\\/envasos-metal%c2%b7lics-sostenibles-clau-per-a-leconomia-circular\\\/#primaryimage\"},\"thumbnailUrl\":\"https:\\\/\\\/www.boixados.com\\\/wp-content\\\/uploads\\\/2025\\\/06\\\/3-DESTACADA.jpg\",\"inLanguage\":\"ca-ES\"},{\"@type\":\"WebPage\",\"@id\":\"https:\\\/\\\/www.boixados.com\\\/ca\\\/envasos-metal%c2%b7lics-sostenibles-clau-per-a-leconomia-circular\\\/\",\"url\":\"https:\\\/\\\/www.boixados.com\\\/ca\\\/envasos-metal%c2%b7lics-sostenibles-clau-per-a-leconomia-circular\\\/\",\"name\":\"Envasos met\u00e0l\u00b7lics sostenibles: clau per a l\u2019economia circular - Boixad\u00f3s\",\"isPartOf\":{\"@id\":\"https:\\\/\\\/www.boixados.com\\\/#website\"},\"primaryImageOfPage\":{\"@id\":\"https:\\\/\\\/www.boixados.com\\\/ca\\\/envasos-metal%c2%b7lics-sostenibles-clau-per-a-leconomia-circular\\\/#primaryimage\"},\"image\":{\"@id\":\"https:\\\/\\\/www.boixados.com\\\/ca\\\/envasos-metal%c2%b7lics-sostenibles-clau-per-a-leconomia-circular\\\/#primaryimage\"},\"thumbnailUrl\":\"https:\\\/\\\/www.boixados.com\\\/wp-content\\\/uploads\\\/2025\\\/06\\\/3-DESTACADA.jpg\",\"datePublished\":\"2025-06-18T13:36:45+00:00\",\"dateModified\":\"2025-09-09T07:31:34+00:00\",\"breadcrumb\":{\"@id\":\"https:\\\/\\\/www.boixados.com\\\/ca\\\/envasos-metal%c2%b7lics-sostenibles-clau-per-a-leconomia-circular\\\/#breadcrumb\"},\"inLanguage\":\"ca-ES\",\"potentialAction\":[{\"@type\":\"ReadAction\",\"target\":[\"https:\\\/\\\/www.boixados.com\\\/ca\\\/envasos-metal%c2%b7lics-sostenibles-clau-per-a-leconomia-circular\\\/\"]}]},{\"@type\":\"ImageObject\",\"inLanguage\":\"ca-ES\",\"@id\":\"https:\\\/\\\/www.boixados.com\\\/ca\\\/envasos-metal%c2%b7lics-sostenibles-clau-per-a-leconomia-circular\\\/#primaryimage\",\"url\":\"https:\\\/\\\/www.boixados.com\\\/wp-content\\\/uploads\\\/2025\\\/06\\\/3-DESTACADA.jpg\",\"contentUrl\":\"https:\\\/\\\/www.boixados.com\\\/wp-content\\\/uploads\\\/2025\\\/06\\\/3-DESTACADA.jpg\",\"width\":1920,\"height\":1080},{\"@type\":\"BreadcrumbList\",\"@id\":\"https:\\\/\\\/www.boixados.com\\\/ca\\\/envasos-metal%c2%b7lics-sostenibles-clau-per-a-leconomia-circular\\\/#breadcrumb\",\"itemListElement\":[{\"@type\":\"ListItem\",\"position\":1,\"name\":\"Portada\",\"item\":\"https:\\\/\\\/www.boixados.com\\\/\"},{\"@type\":\"ListItem\",\"position\":2,\"name\":\"Envasos met\u00e0l\u00b7lics sostenibles: clau per a l\u2019economia circular\"}]},{\"@type\":\"WebSite\",\"@id\":\"https:\\\/\\\/www.boixados.com\\\/#website\",\"url\":\"https:\\\/\\\/www.boixados.com\\\/\",\"name\":\"Boixad\u00f3s\",\"description\":\"Dise\u00f1o y fabricaci\u00f3n de envases met\u00e1licos.\",\"publisher\":{\"@id\":\"https:\\\/\\\/www.boixados.com\\\/#organization\"},\"alternateName\":\"Boixad\u00f3s Smart Metal Packaging\",\"potentialAction\":[{\"@type\":\"SearchAction\",\"target\":{\"@type\":\"EntryPoint\",\"urlTemplate\":\"https:\\\/\\\/www.boixados.com\\\/?s={search_term_string}\"},\"query-input\":{\"@type\":\"PropertyValueSpecification\",\"valueRequired\":true,\"valueName\":\"search_term_string\"}}],\"inLanguage\":\"ca-ES\"},{\"@type\":\"Organization\",\"@id\":\"https:\\\/\\\/www.boixados.com\\\/#organization\",\"name\":\"Boixad\u00f3s\",\"alternateName\":\"Boixad\u00f3s Smart Metal Packaging\",\"url\":\"https:\\\/\\\/www.boixados.com\\\/\",\"logo\":{\"@type\":\"ImageObject\",\"inLanguage\":\"ca-ES\",\"@id\":\"https:\\\/\\\/www.boixados.com\\\/#\\\/schema\\\/logo\\\/image\\\/\",\"url\":\"https:\\\/\\\/www.boixados.com\\\/wp-content\\\/uploads\\\/2022\\\/06\\\/logo-home.png\",\"contentUrl\":\"https:\\\/\\\/www.boixados.com\\\/wp-content\\\/uploads\\\/2022\\\/06\\\/logo-home.png\",\"width\":280,\"height\":81,\"caption\":\"Boixad\u00f3s\"},\"image\":{\"@id\":\"https:\\\/\\\/www.boixados.com\\\/#\\\/schema\\\/logo\\\/image\\\/\"},\"sameAs\":[\"https:\\\/\\\/www.facebook.com\\\/SmartBoixados\\\/\",\"https:\\\/\\\/es.linkedin.com\\\/company\\\/smartboixados\",\"https:\\\/\\\/www.youtube.com\\\/c\\\/boixadosenvasosmetallicssl\"]},{\"@type\":\"Person\",\"@id\":\"https:\\\/\\\/www.boixados.com\\\/#\\\/schema\\\/person\\\/f2984ec559cce18b98c8ffc6b3874972\",\"name\":\"Noemi Zome\u00f1o\",\"url\":\"https:\\\/\\\/www.boixados.com\\\/ca\\\/author\\\/noemi\\\/\"}]}<\/script>\n<!-- \/ Yoast SEO plugin. -->","yoast_head_json":{"title":"Envasos met\u00e0l\u00b7lics sostenibles: clau per a l\u2019economia circular - Boixad\u00f3s","robots":{"index":"noindex","follow":"follow"},"og_locale":"ca_ES","og_type":"article","og_title":"Envasos met\u00e0l\u00b7lics sostenibles: clau per a l\u2019economia circular - Boixad\u00f3s","og_description":"El comprom\u00eds ambiental \u00e9s avui una exig\u00e8ncia social, legal i econ\u00f2mica. Les empreses que incorporen materials sostenibles en els seus processos productius no nom\u00e9s contribueixen a preservar el medi ambient, sin\u00f3 que tamb\u00e9 reforcen la seva competitivitat i reputaci\u00f3. En aquest context, el metall emergeix com una soluci\u00f3 d\u2019alt valor estrat\u00e8gic.\u00a0 Els envasos met\u00e0l\u00b7lics sostenibles [&hellip;]","og_url":"https:\/\/www.boixados.com\/ca\/envasos-metal\u00b7lics-sostenibles-clau-per-a-leconomia-circular\/","og_site_name":"Boixad\u00f3s","article_publisher":"https:\/\/www.facebook.com\/SmartBoixados\/","article_published_time":"2025-06-18T13:36:45+00:00","article_modified_time":"2025-09-09T07:31:34+00:00","og_image":[{"width":1920,"height":1080,"url":"https:\/\/www.boixados.com\/wp-content\/uploads\/2025\/06\/3-DESTACADA.jpg","type":"image\/jpeg"}],"author":"Noemi Zome\u00f1o","twitter_card":"summary_large_image","twitter_misc":{"Written by":"Noemi Zome\u00f1o","Est. reading time":"2 minutes"},"schema":{"@context":"https:\/\/schema.org","@graph":[{"@type":"Article","@id":"https:\/\/www.boixados.com\/ca\/envasos-metal%c2%b7lics-sostenibles-clau-per-a-leconomia-circular\/#article","isPartOf":{"@id":"https:\/\/www.boixados.com\/ca\/envasos-metal%c2%b7lics-sostenibles-clau-per-a-leconomia-circular\/"},"author":{"name":"Noemi Zome\u00f1o","@id":"https:\/\/www.boixados.com\/#\/schema\/person\/f2984ec559cce18b98c8ffc6b3874972"},"headline":"Envasos met\u00e0l\u00b7lics sostenibles: clau per a l\u2019economia circular","datePublished":"2025-06-18T13:36:45+00:00","dateModified":"2025-09-09T07:31:34+00:00","mainEntityOfPage":{"@id":"https:\/\/www.boixados.com\/ca\/envasos-metal%c2%b7lics-sostenibles-clau-per-a-leconomia-circular\/"},"wordCount":276,"publisher":{"@id":"https:\/\/www.boixados.com\/#organization"},"image":{"@id":"https:\/\/www.boixados.com\/ca\/envasos-metal%c2%b7lics-sostenibles-clau-per-a-leconomia-circular\/#primaryimage"},"thumbnailUrl":"https:\/\/www.boixados.com\/wp-content\/uploads\/2025\/06\/3-DESTACADA.jpg","inLanguage":"ca-ES"},{"@type":"WebPage","@id":"https:\/\/www.boixados.com\/ca\/envasos-metal%c2%b7lics-sostenibles-clau-per-a-leconomia-circular\/","url":"https:\/\/www.boixados.com\/ca\/envasos-metal%c2%b7lics-sostenibles-clau-per-a-leconomia-circular\/","name":"Envasos met\u00e0l\u00b7lics sostenibles: clau per a l\u2019economia circular - Boixad\u00f3s","isPartOf":{"@id":"https:\/\/www.boixados.com\/#website"},"primaryImageOfPage":{"@id":"https:\/\/www.boixados.com\/ca\/envasos-metal%c2%b7lics-sostenibles-clau-per-a-leconomia-circular\/#primaryimage"},"image":{"@id":"https:\/\/www.boixados.com\/ca\/envasos-metal%c2%b7lics-sostenibles-clau-per-a-leconomia-circular\/#primaryimage"},"thumbnailUrl":"https:\/\/www.boixados.com\/wp-content\/uploads\/2025\/06\/3-DESTACADA.jpg","datePublished":"2025-06-18T13:36:45+00:00","dateModified":"2025-09-09T07:31:34+00:00","breadcrumb":{"@id":"https:\/\/www.boixados.com\/ca\/envasos-metal%c2%b7lics-sostenibles-clau-per-a-leconomia-circular\/#breadcrumb"},"inLanguage":"ca-ES","potentialAction":[{"@type":"ReadAction","target":["https:\/\/www.boixados.com\/ca\/envasos-metal%c2%b7lics-sostenibles-clau-per-a-leconomia-circular\/"]}]},{"@type":"ImageObject","inLanguage":"ca-ES","@id":"https:\/\/www.boixados.com\/ca\/envasos-metal%c2%b7lics-sostenibles-clau-per-a-leconomia-circular\/#primaryimage","url":"https:\/\/www.boixados.com\/wp-content\/uploads\/2025\/06\/3-DESTACADA.jpg","contentUrl":"https:\/\/www.boixados.com\/wp-content\/uploads\/2025\/06\/3-DESTACADA.jpg","width":1920,"height":1080},{"@type":"BreadcrumbList","@id":"https:\/\/www.boixados.com\/ca\/envasos-metal%c2%b7lics-sostenibles-clau-per-a-leconomia-circular\/#breadcrumb","itemListElement":[{"@type":"ListItem","position":1,"name":"Portada","item":"https:\/\/www.boixados.com\/"},{"@type":"ListItem","position":2,"name":"Envasos met\u00e0l\u00b7lics sostenibles: clau per a l\u2019economia circular"}]},{"@type":"WebSite","@id":"https:\/\/www.boixados.com\/#website","url":"https:\/\/www.boixados.com\/","name":"Boixad\u00f3s","description":"Dise\u00f1o y fabricaci\u00f3n de envases met\u00e1licos.","publisher":{"@id":"https:\/\/www.boixados.com\/#organization"},"alternateName":"Boixad\u00f3s Smart Metal Packaging","potentialAction":[{"@type":"SearchAction","target":{"@type":"EntryPoint","urlTemplate":"https:\/\/www.boixados.com\/?s={search_term_string}"},"query-input":{"@type":"PropertyValueSpecification","valueRequired":true,"valueName":"search_term_string"}}],"inLanguage":"ca-ES"},{"@type":"Organization","@id":"https:\/\/www.boixados.com\/#organization","name":"Boixad\u00f3s","alternateName":"Boixad\u00f3s Smart Metal Packaging","url":"https:\/\/www.boixados.com\/","logo":{"@type":"ImageObject","inLanguage":"ca-ES","@id":"https:\/\/www.boixados.com\/#\/schema\/logo\/image\/","url":"https:\/\/www.boixados.com\/wp-content\/uploads\/2022\/06\/logo-home.png","contentUrl":"https:\/\/www.boixados.com\/wp-content\/uploads\/2022\/06\/logo-home.png","width":280,"height":81,"caption":"Boixad\u00f3s"},"image":{"@id":"https:\/\/www.boixados.com\/#\/schema\/logo\/image\/"},"sameAs":["https:\/\/www.facebook.com\/SmartBoixados\/","https:\/\/es.linkedin.com\/company\/smartboixados","https:\/\/www.youtube.com\/c\/boixadosenvasosmetallicssl"]},{"@type":"Person","@id":"https:\/\/www.boixados.com\/#\/schema\/person\/f2984ec559cce18b98c8ffc6b3874972","name":"Noemi Zome\u00f1o","url":"https:\/\/www.boixados.com\/ca\/author\/noemi\/"}]}},"_links":{"self":[{"href":"https:\/\/www.boixados.com\/ca\/wp-json\/wp\/v2\/posts\/14958","targetHints":{"allow":["GET"]}}],"collection":[{"href":"https:\/\/www.boixados.com\/ca\/wp-json\/wp\/v2\/posts"}],"about":[{"href":"https:\/\/www.boixados.com\/ca\/wp-json\/wp\/v2\/types\/post"}],"author":[{"embeddable":true,"href":"https:\/\/www.boixados.com\/ca\/wp-json\/wp\/v2\/users\/979"}],"replies":[{"embeddable":true,"href":"https:\/\/www.boixados.com\/ca\/wp-json\/wp\/v2\/comments?post=14958"}],"version-history":[{"count":0,"href":"https:\/\/www.boixados.com\/ca\/wp-json\/wp\/v2\/posts\/14958\/revisions"}],"wp:featuredmedia":[{"embeddable":true,"href":"https:\/\/www.boixados.com\/ca\/wp-json\/wp\/v2\/media\/14959"}],"wp:attachment":[{"href":"https:\/\/www.boixados.com\/ca\/wp-json\/wp\/v2\/media?parent=14958"}],"wp:term":[{"taxonomy":"category","embeddable":true,"href":"https:\/\/www.boixados.com\/ca\/wp-json\/wp\/v2\/categories?post=14958"},{"taxonomy":"post_tag","embeddable":true,"href":"https:\/\/www.boixados.com\/ca\/wp-json\/wp\/v2\/tags?post=14958"}],"curies":[{"name":"wp","href":"https:\/\/api.w.org\/{rel}","templated":true}]}}